{"id":11851,"date":"2020-07-23T15:36:25","date_gmt":"2020-07-23T15:36:25","guid":{"rendered":"https:\/\/hijasdesanjose.org\/?p=11851"},"modified":"2021-02-28T21:58:47","modified_gmt":"2021-02-28T21:58:47","slug":"la-mascarilla","status":"publish","type":"post","link":"https:\/\/hijasdesanjose.org\/en\/la-mascarilla\/","title":{"rendered":"La mascarilla"},"content":{"rendered":"<p>[vc_row][vc_column][vc_column_text]Con motivo de un diminutivo bichito, que nadie sabe si es insecto, si es larva, o simplemente est\u00e1 en la atmosfera, invisible, pero da\u00f1ino, se han vertido r\u00edos de tinta con titulares en todos los peri\u00f3dicos y revistas.<\/p>\n\n<p>Cantantes, poetas, historiadores han sacado a la luz sus mejores historias, poemas, canciones, dibujos. \u201cFrente a este r\u00edo revuelto ha habido y hay ganancia de pescadores.\u201d<\/p>\n\n<p>Por otro lado, este peque\u00f1o \u201cBicho\u201d nos hace a todos iguales y un poco diferentes&nbsp; tambi\u00e9n. Salimos a la calle con nuestras mascarillas de todos los colores, tama\u00f1os y formas. Otra manera de mostrar el arte y el dise\u00f1o de modistos y modistas.<\/p>\n\n<p>Cuando de camino nos encontramos con alguien, en algunos momentos, ni siquiera nos reconocemos unos a otros. \u201dLa mascarilla\u201d desfigura nuestro semblante, cambia nuestra fisonom\u00eda, no nos percatamos si el que tenemos enfrente r\u00ede o est\u00e1 triste, porque la mascarilla nos hace verle diferente, y en muchos momentos nos nubla la vista y nos impide ver al otro tal cual es, y nosotros mismos, tambi\u00e9n, nos mostramos diferentes.<\/p>\n\n<p>\u201cLA MASCARILLA\u201d. Ese peque\u00f1o artilugio, que nos hace a todos iguales, nos invita a&nbsp; reflexionar. \u00bfNo llevamos en nuestro interior mascarillas que nos impiden ver, reconocer?<\/p>\n\n<p>\u00bfQu\u00e9 m\u00e1scaras tengo que quitarme yo? As\u00ed como la mascarilla que nos ponemos por miedo al contagio evita el mismo, hay otras m\u00e1scaras que tambi\u00e9n las llevamos puestas y que llev\u00e1ndolas contagian de otro virus. Por eso, hoy, Se\u00f1or, te pedimos: quita de nosotros la mascarilla del ego\u00edsmo para ser mas solidarios con los que sufren, con los que no tienen, con los que siente soledad, por causa de la Pandemia o por otros motivos.<\/p>\n\n<p>Quita de nosotros, Se\u00f1or, la mascarilla del ego\u00edsmo para que nunca miremos lo que damos o a quien lo damos, sino que lo demos incondicionalmente, para que no nos sintamos dolidos por lo que hacemos o damos sin recibir recompensa.&nbsp;<\/p>\n\n<p>Quita de nosotros la mascarilla del coraz\u00f3n duro, que impide ver lo bueno de los dem\u00e1s.<\/p>\n\n<p>Quita de nosotros la mascarilla que nos impide ver al otro como hermano.<\/p>\n\n<p>Quita de nosotros la mascarilla de la hipocres\u00eda que nos impide mostrarnos a los dem\u00e1s tal y como somos, con sinceridad y verdad.<\/p>\n\n\n<p class=\"has-text-align-center wp-block-paragraph\"><strong><em>CUANDO LAS M\u00c1SCARAS SE CAEN,<\/em><\/strong><\/p>\n\n\n<p class=\"has-text-align-center wp-block-paragraph\"><strong><em>APRENDES A DARLE A CADA PERSONA LO QUE SE MERECE<\/em><\/strong><\/p>\n\n\n<p class=\"has-text-align-right wp-block-paragraph\"><em>Carmen Hern\u00e1ndez FSJ<\/em><\/p>\n\n\n<p class=\"has-text-align-right wp-block-paragraph\"><em>Comunidad de Jerez de la Frontera<\/em><\/p>\n<p>[\/vc_column_text][\/vc_column][\/vc_row]<\/p>\n","protected":false},"excerpt":{"rendered":"<p>[vc_row][vc_column][vc_column_text]Con motivo de un diminutivo bichito, que nadie sabe si es insecto, si es larva, o simplemente est\u00e1 en la&hellip;<\/p>\n","protected":false},"author":1,"featured_media":11852,"comment_status":"closed","ping_status":"closed","sticky":false,"template":"","format":"standard","meta":{"give_campaign_id":0,"_exactmetrics_skip_tracking":false,"_exactmetrics_sitenote_active":false,"_exactmetrics_sitenote_note":"","_exactmetrics_sitenote_category":0,"footnotes":""},"categories":[75],"tags":[159],"class_list":["post-11851","post","type-post","status-publish","format-standard","has-post-thumbnail","hentry","category-noticias","tag-actualidad"],"brizy_media":[],"_links":{"self":[{"href":"https:\/\/hijasdesanjose.org\/en\/wp-json\/wp\/v2\/posts\/11851","targetHints":{"allow":["GET"]}}],"collection":[{"href":"https:\/\/hijasdesanjose.org\/en\/wp-json\/wp\/v2\/posts"}],"about":[{"href":"https:\/\/hijasdesanjose.org\/en\/wp-json\/wp\/v2\/types\/post"}],"author":[{"embeddable":true,"href":"https:\/\/hijasdesanjose.org\/en\/wp-json\/wp\/v2\/users\/1"}],"replies":[{"embeddable":true,"href":"https:\/\/hijasdesanjose.org\/en\/wp-json\/wp\/v2\/comments?post=11851"}],"version-history":[{"count":3,"href":"https:\/\/hijasdesanjose.org\/en\/wp-json\/wp\/v2\/posts\/11851\/revisions"}],"predecessor-version":[{"id":12343,"href":"https:\/\/hijasdesanjose.org\/en\/wp-json\/wp\/v2\/posts\/11851\/revisions\/12343"}],"wp:featuredmedia":[{"embeddable":true,"href":"https:\/\/hijasdesanjose.org\/en\/wp-json\/wp\/v2\/media\/11852"}],"wp:attachment":[{"href":"https:\/\/hijasdesanjose.org\/en\/wp-json\/wp\/v2\/media?parent=11851"}],"wp:term":[{"taxonomy":"category","embeddable":true,"href":"https:\/\/hijasdesanjose.org\/en\/wp-json\/wp\/v2\/categories?post=11851"},{"taxonomy":"post_tag","embeddable":true,"href":"https:\/\/hijasdesanjose.org\/en\/wp-json\/wp\/v2\/tags?post=11851"}],"curies":[{"name":"wp","href":"https:\/\/api.w.org\/{rel}","templated":true}]}}