{"id":11856,"date":"2020-07-23T16:47:07","date_gmt":"2020-07-23T16:47:07","guid":{"rendered":"https:\/\/hijasdesanjose.org\/?p=11856"},"modified":"2021-02-28T21:58:38","modified_gmt":"2021-02-28T21:58:38","slug":"silencio-por-el-dolor","status":"publish","type":"post","link":"https:\/\/hijasdesanjose.org\/en\/silencio-por-el-dolor\/","title":{"rendered":"Silencio por el dolor"},"content":{"rendered":"<p>[vc_row][vc_column][vc_column_text]<strong><em>Cuando<\/em><\/strong><strong><em> <\/em><\/strong><strong>el<\/strong><strong> <\/strong><strong><em>s<\/em><\/strong><strong><em>i<\/em><\/strong><strong><em>lencio<\/em><\/strong><strong><em> t<\/em><\/strong><strong><em>e<\/em><\/strong><strong><em> <\/em><\/strong><strong><em>hace<\/em><\/strong><strong><em> <\/em><\/strong><strong><em>llorar&#8230;<\/em><\/strong><\/p>\n\n<p>El d\u00eda que nuestro pa\u00eds complete m\u00e1s de 60.000 muertes por Covid -19, nuestra campa\u00f1a # Sil\u00eancioPelaDor completa 3 semanas&#8230; comenz\u00f3 cuando el pa\u00eds llor\u00f3 40.000 muertes&#8230;<\/p>\n\n<p>En 21 d\u00edas fueron &nbsp;m\u00e1s de 20.000 vidas interrumpidas, la mayor\u00eda antes de tiempo, muertes que se podr\u00edan haber evitado, hombres y mujeres, j\u00f3venes y personas mayores &nbsp;que no estar\u00e1n m\u00e1s entre nosotros, debido a un gobierno que permanece sin un Ministro de Salud \u00a1\u00a1Hace 45 d\u00edas, en medio de una pandemia!!<\/p>\n\n<p>Estuvimos en silencio durante 3 semanas &#8230; y esta noche nuestro silencio se convirti\u00f3 en llanto &#8230;<\/p>\n\n<p>Lloramos ante el avance del genocidio de las poblaciones m\u00e1s vulnerables de Brasil, por la omisi\u00f3n y negligencia de los responsables de adoptar medidas federales para combatir el Covid &#8211; 19, para contener la pandemia.<\/p>\n\n<p>Lloramos con las madres ind\u00edgenas de las aldeas diezmadas por la enfermedad &#8230;<\/p>\n\n<p>Lloramos en los guetos de ayer y de hoy, abandonados y sin acceso a la salud &#8230; Lloramos en las filas de los UPAs (Unidad de Pronto Atendimiento) y UTIs (Unidad de Terapia Intensiva) de las numerosas periferias donde sufren, desfallecen y fallecen esperando atenci\u00f3n &#8230;<\/p>\n\n<p>Lloramos con los indigentes, olvidados y desprotegidos por el coronavirus &#8230;<\/p>\n\n<p>Lloramos con el llanto de los cuidadores agotados en una lucha desigual &#8230; Lloramos &#8230; Lloramos &#8230; Lloramos &#8230;<\/p>\n\n<p>De tanto llorar el cuerpo entero duele &#8230;<\/p>\n\n<p>No permitamos que m\u00e1s vidas se pierdan, se descarten &#8230; No dejemos que Brasil se convierta en un cementerio &#8230;<\/p>\n\n<p><strong>\u00a1TODA VIDA IMPORTA!<\/strong><\/p>\n\n<p><em>Dejemos que nuestro dolor resuene, nuestro grito resuene, hasta que llegue a los o\u00eddos de aquellos que necesitan escuchar &#8230;<\/em><\/p>\n\n<p><em>En un instante de silencio, dibuja, pinta, escribe, crea, expresa tu dolor &#8230;<\/em><em><\/em><\/p>\n\n<p>Que tu silencio, nuestro silencio, el silencio de miles de brasile\u00f1os resuenen como clamor, indignaci\u00f3n &#8230; \u00a1incluso Brasilia!<strong><em><\/em><\/strong><\/p>\n\n<p><strong><em>Hermano Henrique<\/em><\/strong><\/p>\n\n<p><strong><em>Peregrino da Trindade<\/em><\/strong><strong><em><\/em><\/strong><\/p>\n\n\n<p class=\"has-text-align-right wp-block-paragraph\"><em>Aportado por Hna. Azucena Becerra fsj<\/em><\/p>\n<p>[\/vc_column_text][\/vc_column][\/vc_row]<\/p>\n","protected":false},"excerpt":{"rendered":"<p>[vc_row][vc_column][vc_column_text]Cuando el silencio te hace llorar&#8230; El d\u00eda que nuestro pa\u00eds complete m\u00e1s de 60.000 muertes por Covid -19, nuestra&hellip;<\/p>\n","protected":false},"author":1,"featured_media":11857,"comment_status":"closed","ping_status":"closed","sticky":false,"template":"","format":"standard","meta":{"give_campaign_id":0,"_exactmetrics_skip_tracking":false,"_exactmetrics_sitenote_active":false,"_exactmetrics_sitenote_note":"","_exactmetrics_sitenote_category":0,"footnotes":""},"categories":[75],"tags":[159],"class_list":["post-11856","post","type-post","status-publish","format-standard","has-post-thumbnail","hentry","category-noticias","tag-actualidad"],"brizy_media":[],"_links":{"self":[{"href":"https:\/\/hijasdesanjose.org\/en\/wp-json\/wp\/v2\/posts\/11856","targetHints":{"allow":["GET"]}}],"collection":[{"href":"https:\/\/hijasdesanjose.org\/en\/wp-json\/wp\/v2\/posts"}],"about":[{"href":"https:\/\/hijasdesanjose.org\/en\/wp-json\/wp\/v2\/types\/post"}],"author":[{"embeddable":true,"href":"https:\/\/hijasdesanjose.org\/en\/wp-json\/wp\/v2\/users\/1"}],"replies":[{"embeddable":true,"href":"https:\/\/hijasdesanjose.org\/en\/wp-json\/wp\/v2\/comments?post=11856"}],"version-history":[{"count":2,"href":"https:\/\/hijasdesanjose.org\/en\/wp-json\/wp\/v2\/posts\/11856\/revisions"}],"predecessor-version":[{"id":12338,"href":"https:\/\/hijasdesanjose.org\/en\/wp-json\/wp\/v2\/posts\/11856\/revisions\/12338"}],"wp:featuredmedia":[{"embeddable":true,"href":"https:\/\/hijasdesanjose.org\/en\/wp-json\/wp\/v2\/media\/11857"}],"wp:attachment":[{"href":"https:\/\/hijasdesanjose.org\/en\/wp-json\/wp\/v2\/media?parent=11856"}],"wp:term":[{"taxonomy":"category","embeddable":true,"href":"https:\/\/hijasdesanjose.org\/en\/wp-json\/wp\/v2\/categories?post=11856"},{"taxonomy":"post_tag","embeddable":true,"href":"https:\/\/hijasdesanjose.org\/en\/wp-json\/wp\/v2\/tags?post=11856"}],"curies":[{"name":"wp","href":"https:\/\/api.w.org\/{rel}","templated":true}]}}