{"id":12578,"date":"2020-09-14T17:21:15","date_gmt":"2020-09-14T17:21:15","guid":{"rendered":"https:\/\/hijasdesanjose.org\/?p=12578"},"modified":"2021-02-28T21:16:16","modified_gmt":"2021-02-28T21:16:16","slug":"nacimos-para-cumplir-una-mision","status":"publish","type":"post","link":"https:\/\/hijasdesanjose.org\/en\/nacimos-para-cumplir-una-mision\/","title":{"rendered":"Nacimos para cumplir una misi\u00f3n"},"content":{"rendered":"<p>[vc_row][vc_column][vc_column_text]<\/p>\r\n<h3 class=\"has-text-color\" style=\"color: #950000; text-align: right;\"><strong>Decidir no es nada f\u00e1cil. Nacimos para cumplir una misi\u00f3n.<\/strong><\/h3>\r\n<p class=\"wp-block-paragraph\" style=\"text-align: right;\"><br \/><\/p>\r\n<p class=\"has-text-align-right wp-block-paragraph\" style=\"text-align: right;\"><em>\u201cUstedes no me escogieron a m\u00ed,<br \/>Soy yo quien los escogi\u00f3 a ustedes<br \/>y los he puesto para que vayan<br \/>y produzcan fruto,<br \/>y ese fruto permanezca\u201d.<br \/>(Jn 15,16)<\/em><\/p>\r\n\r\n<p>El 8 de Septiembre del 2001, Fiesta de la Natividad de la Virgen Mar\u00eda, se celebra a lo grande, a\u00f1o con a\u00f1o, en mi Parroquia de San Felipe y Santiago, Usila (M\u00e9xico). En esta fecha, tuve la dicha de conocer a unas Religiosas, de la Congregaci\u00f3n Hijas de San Jos\u00e9: Rosario Rodr\u00edguez, Provincial; Juana Rom\u00e1n, Secretaria; Ester Mor\u00e1n, Superiora de la Comunidad de Tuxtepec y Ang\u00e9lica Ordo\u00f1ez, Promotora Vocacional. Sin duda alguna, considero que la Virgen Mar\u00eda abri\u00f3 el camino para este gran encuentro.<\/p>\r\n<p class=\"wp-block-paragraph\">En aquel entonces, yo andaba en b\u00fasqueda del querer de Dios en mi vida. No me animaba a acercarme a ellas, quien se lanz\u00f3 fue mi sobrina, y me dijo: &#8220;vamos a preguntarles de qu\u00e9 Congregaci\u00f3n son&#8221;. Nos acercamos y preguntamos si eran religiosas y de qu\u00e9 Congregaci\u00f3n. En seguida respondieron a coro: \u201cS\u00ed, Hijas de San Jos\u00e9, y ustedes, las futuras\u201d. \u00a1Santo Dios! \u00bfC\u00f3mo sab\u00edan ellas que nosotras and\u00e1bamos en la b\u00fasqueda de nuestra vocaci\u00f3n? Si no conocemos a ninguna, \u00bfc\u00f3mo nos pueden decir con seguridad esas palabras tan fuertes? Definitivamente, Dios me sorprendi\u00f3, en ese momento, a trav\u00e9s de ellas y a trav\u00e9s de la motivaci\u00f3n de mi sobrina. &#8220;Quien busca encuentra&#8221;, Mt. 7, 8\u2026 Ellas, con mucha sencillez, nos atendieron muy bien. El di\u00e1logo iba para largo. Entonces sali\u00f3 de nosotras si pod\u00edan atendernos al d\u00eda siguiente, o sea el d\u00eda 9. Nos dijeron que s\u00ed, que fu\u00e9ramos de nuevo a la Parroquia.<\/p>\r\n<p><!-- \/wp:post-content -->Este encuentro me pareci\u00f3 una escena como la de los primeros disc\u00edpulos de Jes\u00fas, en la que \u00c9l les dijo, &#8220;siganme&#8221;\u2026 (Mc, 1,16\u2026). Nosotras, felices, yo siempre lo pinto como un amor a primera vista. Dentro de m\u00ed hab\u00eda algo a lo que no quer\u00eda poner nombre o, m\u00e1s bien, ten\u00eda miedo de que el Se\u00f1or me pidiera todo, es decir: dejar a mis padres, a mi c\u00edrculo de amistad y mis gustos personales. Pues nada, estas cuatro Hermanas lanzaron la red a la derecha y pescaron a estas dos mujeres ind\u00edgenas y no tan talentosas que digamos. Pero recordemos que Dios no elige a personas preparadas, sino que \u00c9l prepara a quienes son elegidos, los sencillos. (Cf. Mt. 11,25).<\/p>\r\n<p>Comentar eso a mis padres no fue nada f\u00e1cil, era como decirles: &#8220;estoy enamorada de un desconocido, no s\u00e9 d\u00f3nde vive y no conozco sus familiares&#8221;. Desde ese momento, fue una batalla continua. Yo no discut\u00eda con mi madre\u2026, s\u00f3lo buscaba la manera de c\u00f3mo convencerla. Encontrar la mejor manera, para no da\u00f1arla m\u00e1s de lo que estaba. Yo era la m\u00e1s peque\u00f1a de mi familia, la m\u00e1s mimada, si se puede decir as\u00ed. \u00a1Ah!, y no solo eso, era muy traviesa, en el buen sentido de la palabra, me gustaba ir de fiesta en fiesta, me encantaba bailar, ten\u00edan admiradores etc. Mi madre ten\u00eda que acompa\u00f1arme a las fiestas. Ahora bien, solo Dios sabe por qu\u00e9 este d\u00eda no me acompa\u00f1aba ella, sino que iba con mi cu\u00f1ada y sus hijos. Para mi madre era imposible creer que su hija quisiera ser religiosa, la conoc\u00eda muy bien, sab\u00eda qui\u00e9n era su hija. Pero nada, mi madre tuvo que aceptar mi propuesta, me dej\u00f3 ir de nuevo a la Parroquia para hablar con la promotora, Hna. Ang\u00e9lica, y exponer mis inquietudes, para ver qu\u00e9 posibilidades hab\u00eda para m\u00ed.<\/p>\r\n<p><!-- \/wp:paragraph -->Gracias a Dios, la Hermana me acogi\u00f3 con mucho cari\u00f1o, present\u00e1ndome las posibilidades para una chica que est\u00e1 en b\u00fasqueda de su vocaci\u00f3n. Fue un di\u00e1logo que dur\u00f3 m\u00e1s o menos como dos horas. Antes hab\u00eda le\u00eddo algunos datos de esta Congregaci\u00f3n, pero no conoc\u00eda m\u00e1s. Y este mismo a\u00f1o, hab\u00eda participado en un retiro vocacional en mi parroquia, donde se presentaron varias congregaciones religiosas, entre ellas estaba la de las Hijas de San Jos\u00e9, pero no me anim\u00e9 a abrir un di\u00e1logo con ninguna de ellas. Dios tiene su momento.<\/p>\r\n<p>Durante los meses que quedaban del 2001, Hna. Ang\u00e9lica fue a visitar a mis padres, a hablar un poco con ellos, para explicar de qu\u00e9 se trataba. No fue nada f\u00e1cil ni para ella ni para mis padres. As\u00ed empec\u00e9 mi proceso vocacional desde mi casa, en el pueblito de Santa Flora. Todo empez\u00f3 con una mirada de amor, un apret\u00f3n de mano, un suspiro a mi Se\u00f1or Jes\u00fas, el Obrero de Nazaret.<\/p>\r\n<p>Incre\u00edble, han pasado a\u00f1os, desde que empez\u00f3 esta aventura, una historia de amor, totalmente una locura de amor por Cristo Obrero. Ha sido para m\u00ed como un sue\u00f1o, momentos muy felices, momentos muy fuertes que tocan fondo, la vida misma ha sido purificada d\u00eda tras d\u00eda. Definitivamente, y convencida de que donde realmente hay amor, no habr\u00e1 ning\u00fan problema que no sea provechoso para mejorar la misma vocaci\u00f3n.<\/p>\r\n<p><!-- \/wp:paragraph -->Con la gracia de Dios, he podido superar crisis, obst\u00e1culos, tentaciones o como quieras llamar. Gracias a las personas que me han acompa\u00f1ado a lo largo de estos a\u00f1os: religiosas, religiosos, sacerdotes, amigas, amigos, profesionales\u2026, es decir, no me ha faltado nada para seguir fielmente en este camino. Jes\u00fas ha cumplido su promesa en m\u00ed\u00a0 (Mc. 10,28-31).<\/p>\r\n<p>Pedro se puso a decirle: \u00abYa lo ves, nosotros lo hemos dejado todo y te hemos seguido.\u00bb Jes\u00fas dijo: \u00abYo os aseguro: nadie que haya dejado casa, hermanos, hermanas, madre, padre, hijos o hacienda por m\u00ed y por el Evangelio, quedar\u00e1 sin recibir el ciento por uno: ahora, al presente, casas, hermanos, hermanas, madres, hijos y hacienda, con persecuciones; y en el mundo venidero, vida eterna. Pero muchos primeros ser\u00e1n \u00faltimos y los \u00faltimos, primeros.\u00bb<\/p>\r\n<p><!-- \/wp:paragraph -->Cuando Dios toca la puerta de un coraz\u00f3n humano siempre espera una respuesta, ya sea &#8220;S\u00ed&#8221; o ya sea &#8220;No&#8221;. Pero \u00c9l nos deja en libertad para decidir y, una vez dada la respuesta, quiere un poco de exigencia, que puede ser la oraci\u00f3n, vivir los sacramentos, los estudios acad\u00e9micos y teol\u00f3gicos, una entrega generosa a la Misi\u00f3n de la Congregaci\u00f3n\u2026 Todo ello, se vive con alegr\u00eda, amando la vocaci\u00f3n, sabiendo cu\u00e1l es la finalidad y la meta de la consagraci\u00f3n, que es la santidad.<\/p>\r\n<p><!-- \/wp:paragraph -->Una religiosa josefina anuncia a Cristo Obrero a trav\u00e9s del trabajo, con nuestro testimonio, con una entrega coherente a lo que la Congregaci\u00f3n nos pide. Somos enviadas a diferentes lugares del mundo. Cualquier trabajo que realicemos tiene como finalidad la santificaci\u00f3n propia y la santificaci\u00f3n de los que trabajan con nosotras.<\/p>\r\n<p><!-- \/wp:paragraph -->En este d\u00eda 8 de septiembre celebramos a nuestra Madre Mar\u00eda, su nacimiento. Naci\u00f3 sin pecado, vivi\u00f3 sin pecado, es decir, nunca se apart\u00f3 de Dios, en comuni\u00f3n total con el Dios de la vida. Amada y querida por Dios, cumpli\u00f3 libremente su proyecto, por eso ha sido ensalzada de generaci\u00f3n en generaci\u00f3n.<\/p>\r\n<p>En efecto, constatamos la urgencia de vivir nuestra vocaci\u00f3n cristiana desde la libertad, en la Iglesia y en nuestra sociedad. Vivir con transparencia y con mucha responsabilidad el don que Dios nos ha dado. Todos los cristianos estamos llamados a vivir seg\u00fan el plan de Dios en nuestra vida, y vale la pena vivirla desde el amor y en libertad. \u201cLa verdadera libertad es signo eminente de la imagen divina en el hombre. Dios ha querido dejar en manos del hombre de su propia decisi\u00f3n\u201d (GS 17).<\/p>\r\n<p>Solo me queda agradecer a Dios, cantar el Magn\u00edficat con Mar\u00eda, nuestra Madre, por estas experiencias vividas, las buenas lecciones aprendidas. Gracias a mis padres, hermanos carnales, amigos y personas muy queridas. Gracias a mi Congregaci\u00f3n por todo lo recibido a lo largo de estos a\u00f1os. Gracias Tuxtepec, -Oaxaca-; Guadalajara Jalisco, Bogot\u00e1 Colombia, Nuevo Laredo Tamaulipas y Daimiel Espa\u00f1a. Gracias a todos mis seguidores en las redes sociales. Mil gracias. Sigo confiando en sus oraciones y conf\u00eden en mis humildes oraciones, porque estamos en camino y necesitamos mutuamente la fuerza de la oraci\u00f3n.<\/p>\r\n<!-- \/wp:paragraph -->\r\n<p><!-- wp:paragraph -->PD: El proceso lo empezamos juntas, mi sobrina y yo. En el Noviciado nos separamos. Ingres\u00e9 antes que ella. Ahora, ella est\u00e1 ya preparada para hacer su Profesi\u00f3n Perpetua.<\/p>\r\n<!-- \/wp:paragraph -->\r\n<p><!-- wp:paragraph --><br \/>Con el cari\u00f1o de siempre,<\/p>\r\n<!-- \/wp:paragraph -->\r\n<p>&nbsp;<\/p>\r\n<!-- wp:paragraph {\"align\":\"center\"} -->\r\n<p class=\"has-text-align-center\" style=\"text-align: right;\"><em>Laura fsj<br \/>Daimiel, 8 de Septiembre, 2020<\/em><!-- \/wp:paragraph --><\/p>\r\n<!-- wp:image {\"id\":12580,\"sizeSlug\":\"large\"} --><!-- \/wp:image -->\r\n<p><!-- wp:paragraph --><!-- \/wp:paragraph -->\u00a0<\/p>\r\n<p>[\/vc_column_text][\/vc_column][\/vc_row]<\/p>","protected":false},"excerpt":{"rendered":"<p>[vc_row][vc_column][vc_column_text] Decidir no es nada f\u00e1cil. Nacimos para cumplir una misi\u00f3n. \u201cUstedes no me escogieron a m\u00ed,Soy yo quien los&hellip;<\/p>\n","protected":false},"author":1,"featured_media":12590,"comment_status":"open","ping_status":"closed","sticky":false,"template":"","format":"image","meta":{"give_campaign_id":0,"_exactmetrics_skip_tracking":false,"_exactmetrics_sitenote_active":false,"_exactmetrics_sitenote_note":"","_exactmetrics_sitenote_category":0,"footnotes":""},"categories":[75,129],"tags":[175,181],"class_list":["post-12578","post","type-post","status-publish","format-image","has-post-thumbnail","hentry","category-noticias","category-pastoral","tag-mision","tag-vocacion","post_format-post-format-image"],"brizy_media":[],"_links":{"self":[{"href":"https:\/\/hijasdesanjose.org\/en\/wp-json\/wp\/v2\/posts\/12578","targetHints":{"allow":["GET"]}}],"collection":[{"href":"https:\/\/hijasdesanjose.org\/en\/wp-json\/wp\/v2\/posts"}],"about":[{"href":"https:\/\/hijasdesanjose.org\/en\/wp-json\/wp\/v2\/types\/post"}],"author":[{"embeddable":true,"href":"https:\/\/hijasdesanjose.org\/en\/wp-json\/wp\/v2\/users\/1"}],"replies":[{"embeddable":true,"href":"https:\/\/hijasdesanjose.org\/en\/wp-json\/wp\/v2\/comments?post=12578"}],"version-history":[{"count":8,"href":"https:\/\/hijasdesanjose.org\/en\/wp-json\/wp\/v2\/posts\/12578\/revisions"}],"predecessor-version":[{"id":15407,"href":"https:\/\/hijasdesanjose.org\/en\/wp-json\/wp\/v2\/posts\/12578\/revisions\/15407"}],"wp:featuredmedia":[{"embeddable":true,"href":"https:\/\/hijasdesanjose.org\/en\/wp-json\/wp\/v2\/media\/12590"}],"wp:attachment":[{"href":"https:\/\/hijasdesanjose.org\/en\/wp-json\/wp\/v2\/media?parent=12578"}],"wp:term":[{"taxonomy":"category","embeddable":true,"href":"https:\/\/hijasdesanjose.org\/en\/wp-json\/wp\/v2\/categories?post=12578"},{"taxonomy":"post_tag","embeddable":true,"href":"https:\/\/hijasdesanjose.org\/en\/wp-json\/wp\/v2\/tags?post=12578"}],"curies":[{"name":"wp","href":"https:\/\/api.w.org\/{rel}","templated":true}]}}