{"id":19613,"date":"2022-01-24T09:04:18","date_gmt":"2022-01-24T09:04:18","guid":{"rendered":"https:\/\/hijasdesanjose.org\/?p=19613"},"modified":"2022-01-24T09:09:15","modified_gmt":"2022-01-24T09:09:15","slug":"agradecer-es-celebrar","status":"publish","type":"post","link":"https:\/\/hijasdesanjose.org\/en\/agradecer-es-celebrar\/","title":{"rendered":"Agradecer&#8230; \u00a1es celebrar!"},"content":{"rendered":"\n<p class=\"wp-block-paragraph\">A pesar de todas las dificultades en Zaragoza pudimos celebrar la fiesta del Padre Buti\u00f1\u00e1 el 18 de diciembre.<\/p>\n\n\n\n<p class=\"wp-block-paragraph\">S\u00ed, cuidando todas las medidas para evitar el contagio, las hermanas de la Comunidad del Barrio Oliver y algunas laicas de los Talleres Nazaret, acudimos a la Parroquia de San Pedro Ap\u00f3stol, para dar las gracias por el Padre Buti\u00f1\u00e1 y lo que significa su obra para la mujer trabajadora pobre, para la Congregaci\u00f3n, para la Iglesia.<\/p>\n\n\n\n<p class=\"wp-block-paragraph\">La Eucarist\u00eda, cuidadosamente ambientada, fue el acto nuclear y la mejor expresi\u00f3n de acci\u00f3n de gracias por la vida y la santidad de nuestro Fundador.<\/p>\n\n\n\n<p class=\"wp-block-paragraph\">Preparamos con mucha atenci\u00f3n los cantos, las lecturas, las ofrendas, las peticiones, acci\u00f3n de gracias, env\u00edo\u2026 Todas, hermanas y laicas, participamos con gusto y alegr\u00eda.<\/p>\n\n\n\n<p class=\"wp-block-paragraph\">Nos sentimos contentas, agradecidas, motivadas para seguir viviendo los valores del Taller de Nazaret y enviadas a llevar esta buena noticia del evangelio de Nazaret a nuestras familias, a nuestros ambientes de trabajo.<\/p>\n\n\n\n<p class=\"wp-block-paragraph\">Al finalizar la Eucarist\u00eda, acudimos a la casa y continuamos la celebraci\u00f3n compartiendo juntas la sabrosa merienda fortaleciendo el encuentro y la comuni\u00f3n.<\/p>\n\n\n\n<p class=\"wp-block-paragraph\">Varias compa\u00f1eras no pudieron acudir porque se encontraban confinadas, pero se hicieron presentes con sus mensajes y cercan\u00eda.<\/p>\n\n\n\n<p class=\"wp-block-paragraph\">Para todas el Padre Fundador sigue siendo un referente para seguir a Jes\u00fas de Nazaret y humanizar nuestro mundo viviendo el evangelio del trabajo.<\/p>\n\n\n\n<p class=\"has-text-align-center wp-block-paragraph\"><em>Comunidad del Barrio Oliver &#8211; Zaragoza<\/em><\/p>\n","protected":false},"excerpt":{"rendered":"<p>A pesar de todas las dificultades en Zaragoza pudimos celebrar la fiesta del Padre Buti\u00f1\u00e1 el 18 de diciembre. S\u00ed,&hellip;<\/p>\n","protected":false},"author":1,"featured_media":15435,"comment_status":"open","ping_status":"closed","sticky":false,"template":"","format":"standard","meta":{"give_campaign_id":0,"_exactmetrics_skip_tracking":false,"_exactmetrics_sitenote_active":false,"_exactmetrics_sitenote_note":"","_exactmetrics_sitenote_category":0,"footnotes":""},"categories":[204],"tags":[],"class_list":["post-19613","post","type-post","status-publish","format-standard","has-post-thumbnail","hentry","category-enero-2022"],"brizy_media":[],"_links":{"self":[{"href":"https:\/\/hijasdesanjose.org\/en\/wp-json\/wp\/v2\/posts\/19613","targetHints":{"allow":["GET"]}}],"collection":[{"href":"https:\/\/hijasdesanjose.org\/en\/wp-json\/wp\/v2\/posts"}],"about":[{"href":"https:\/\/hijasdesanjose.org\/en\/wp-json\/wp\/v2\/types\/post"}],"author":[{"embeddable":true,"href":"https:\/\/hijasdesanjose.org\/en\/wp-json\/wp\/v2\/users\/1"}],"replies":[{"embeddable":true,"href":"https:\/\/hijasdesanjose.org\/en\/wp-json\/wp\/v2\/comments?post=19613"}],"version-history":[{"count":1,"href":"https:\/\/hijasdesanjose.org\/en\/wp-json\/wp\/v2\/posts\/19613\/revisions"}],"predecessor-version":[{"id":19615,"href":"https:\/\/hijasdesanjose.org\/en\/wp-json\/wp\/v2\/posts\/19613\/revisions\/19615"}],"wp:featuredmedia":[{"embeddable":true,"href":"https:\/\/hijasdesanjose.org\/en\/wp-json\/wp\/v2\/media\/15435"}],"wp:attachment":[{"href":"https:\/\/hijasdesanjose.org\/en\/wp-json\/wp\/v2\/media?parent=19613"}],"wp:term":[{"taxonomy":"category","embeddable":true,"href":"https:\/\/hijasdesanjose.org\/en\/wp-json\/wp\/v2\/categories?post=19613"},{"taxonomy":"post_tag","embeddable":true,"href":"https:\/\/hijasdesanjose.org\/en\/wp-json\/wp\/v2\/tags?post=19613"}],"curies":[{"name":"wp","href":"https:\/\/api.w.org\/{rel}","templated":true}]}}