{"id":19773,"date":"2022-02-21T12:39:02","date_gmt":"2022-02-21T12:39:02","guid":{"rendered":"https:\/\/hijasdesanjose.org\/?p=19773"},"modified":"2022-02-22T02:16:43","modified_gmt":"2022-02-22T02:16:43","slug":"soc-fill-de-banyoles-soy-hijo-de-banolas","status":"publish","type":"post","link":"https:\/\/hijasdesanjose.org\/en\/soc-fill-de-banyoles-soy-hijo-de-banolas\/","title":{"rendered":"S\u00f3c fill de Banyoles&#8230; Soy hijo de Ba\u00f1olas"},"content":{"rendered":"\n<p class=\"wp-block-paragraph\"><strong>As\u00ed se present\u00f3 el P. Buti\u00f1\u00e1 al invitarme a entrar en su casa<\/strong><\/p>\n\n\n\n<div class=\"wp-block-image\"><figure class=\"alignleft size-full\"><img loading=\"lazy\" decoding=\"async\" width=\"305\" height=\"440\" src=\"https:\/\/hijasdesanjose.org\/wp-content\/uploads\/2022\/02\/fill.jpg\" alt=\"\" class=\"wp-image-19775\" srcset=\"https:\/\/hijasdesanjose.org\/wp-content\/uploads\/2022\/02\/fill.jpg 305w, https:\/\/hijasdesanjose.org\/wp-content\/uploads\/2022\/02\/fill-208x300.jpg 208w\" sizes=\"auto, (max-width: 305px) 100vw, 305px\" \/><\/figure><\/div>\n\n\n\n<p class=\"wp-block-paragraph\">Quiero compartir mi experiencia desde la casa de Padre Buti\u00f1\u00e1 y desde el lago de Ba\u00f1olas. Muchas o todas las Hermanas han estado aqu\u00ed en este lugar entra\u00f1able, donde nace un gran hombre de vida espiritual, de hermandad, de trabajo, muy humano ante la realidad que le rodea y comprometido<br>Esta experiencia para mi, es tiempo de gracia y de preparaci\u00f3n para mis Votos Perpetuos. Son momentos de encuentros, de emociones, de reflexi\u00f3n, meditaci\u00f3n y contemplaci\u00f3n en este precioso e inolvidable lugar.<br>Gracias a la Congregaci\u00f3n y cada una de las Hnas. de esta comunidad, que nos han acogido y han compartido con nosotras la vida desde este lugar privilegiado.<br>Parte de mi experiencia, es ir profundizando la vida, en estos momentos a trav\u00e9s de la vida del Padre Buti\u00f1\u00e1, que se hace tan cercano y sencillo con la realidad de nuestra misi\u00f3n del mundo del trabajo. C\u00f3mo tambi\u00e9n Congregacional, personal, familiar, social y en nuestro tiempo actual, verdaderamente vivida tal como nos dice; desde NAZARET, lugar de ocultamiento, de pobreza y sencillez\u2026 es un Dios al alcance de todos.<br>Gracias Dios por cada oportunidad en mi vida, me enriquece para ir fortaleciendo mi entrega en el lugar donde comparto la vida d\u00eda a d\u00eda, a\u00fan en medio de las dificultades que se va presentando en el diario vivir.<br>Esto es una parte de mi experiencia del tiempo que llevo aqu\u00ed en Ba\u00f1olas\u2026 a continuaci\u00f3n\u2026 sigo en camino y en b\u00fasqueda, escudri\u00f1ando la vida del Padre Buti\u00f1\u00e1, para poder ser una buena hija de San Jos\u00e9.<br>Pronto cambiamos de lugar e iremos a la comunidad de la Casa Madre, despu\u00e9s EE de mes\u2026es as\u00ed como estamos viviendo esta experiencia, sigan rezando para que aprovechemos este tiempo que se nos regala.<br><\/p>\n\n\n\n<p class=\"wp-block-paragraph\"><em>Lidia Tzun\u00fan FSJ<\/em><br><\/p>\n","protected":false},"excerpt":{"rendered":"<p>As\u00ed se present\u00f3 el P. Buti\u00f1\u00e1 al invitarme a entrar en su casa Quiero compartir mi experiencia desde la casa&hellip;<\/p>\n","protected":false},"author":1,"featured_media":3262,"comment_status":"open","ping_status":"closed","sticky":false,"template":"","format":"standard","meta":{"give_campaign_id":0,"_exactmetrics_skip_tracking":false,"_exactmetrics_sitenote_active":false,"_exactmetrics_sitenote_note":"","_exactmetrics_sitenote_category":0,"footnotes":""},"categories":[205],"tags":[],"class_list":["post-19773","post","type-post","status-publish","format-standard","has-post-thumbnail","hentry","category-febrero-2022"],"brizy_media":[],"_links":{"self":[{"href":"https:\/\/hijasdesanjose.org\/en\/wp-json\/wp\/v2\/posts\/19773","targetHints":{"allow":["GET"]}}],"collection":[{"href":"https:\/\/hijasdesanjose.org\/en\/wp-json\/wp\/v2\/posts"}],"about":[{"href":"https:\/\/hijasdesanjose.org\/en\/wp-json\/wp\/v2\/types\/post"}],"author":[{"embeddable":true,"href":"https:\/\/hijasdesanjose.org\/en\/wp-json\/wp\/v2\/users\/1"}],"replies":[{"embeddable":true,"href":"https:\/\/hijasdesanjose.org\/en\/wp-json\/wp\/v2\/comments?post=19773"}],"version-history":[{"count":3,"href":"https:\/\/hijasdesanjose.org\/en\/wp-json\/wp\/v2\/posts\/19773\/revisions"}],"predecessor-version":[{"id":19797,"href":"https:\/\/hijasdesanjose.org\/en\/wp-json\/wp\/v2\/posts\/19773\/revisions\/19797"}],"wp:featuredmedia":[{"embeddable":true,"href":"https:\/\/hijasdesanjose.org\/en\/wp-json\/wp\/v2\/media\/3262"}],"wp:attachment":[{"href":"https:\/\/hijasdesanjose.org\/en\/wp-json\/wp\/v2\/media?parent=19773"}],"wp:term":[{"taxonomy":"category","embeddable":true,"href":"https:\/\/hijasdesanjose.org\/en\/wp-json\/wp\/v2\/categories?post=19773"},{"taxonomy":"post_tag","embeddable":true,"href":"https:\/\/hijasdesanjose.org\/en\/wp-json\/wp\/v2\/tags?post=19773"}],"curies":[{"name":"wp","href":"https:\/\/api.w.org\/{rel}","templated":true}]}}