{"id":19849,"date":"2022-03-17T12:01:44","date_gmt":"2022-03-17T12:01:44","guid":{"rendered":"https:\/\/hijasdesanjose.org\/?p=19849"},"modified":"2022-03-25T01:36:27","modified_gmt":"2022-03-25T01:36:27","slug":"dia-internacional-de-la-mujer-2022","status":"publish","type":"post","link":"https:\/\/hijasdesanjose.org\/en\/dia-internacional-de-la-mujer-2022\/","title":{"rendered":"D\u00eda internacional de la Mujer 2022"},"content":{"rendered":"<p>[vc_row][vc_column][vc_column_text]Querida MUJER; Madre, hermana, hija, religiosa, esposa\u2026<br \/>\nHoy es 8 de marzo. Hoy es un gran d\u00eda porque celebramos tu ilusi\u00f3n, tu tes\u00f3n, tu capacidad, tu paciencia, tus ganas de luchar y de seguir adelante.<br \/>\nCada ma\u00f1ana te levantas dispuesta a contagiar a los que te rodean esa magia que tanto te caracteriza. Aunque est\u00e9s cansada, te quedan ganas de dedicar una sonrisa a aquellos que m\u00e1s te necesitan y, si est\u00e1s triste, tu fe te hace sacar fuerzas para continuar.<br \/>\nCada d\u00eda trabajas porque para ti, trabajar consiste en dar y recibir, cumplir con la misi\u00f3n encomendada, con la vocaci\u00f3n que Dios te ha regalado y que hace que tu vida sea m\u00e1s fecunda.<br \/>\nTrabajar es educar con amor a tus hijos en valores, es decirle a tu pareja cu\u00e1nto la quieres, es ser amiga incondicional, es no encogerte ante las dificultades. Trabajar es no dejar que se apague la llama; es so\u00f1ar y hacer del sue\u00f1o una realidad.<br \/>\nAS\u00cd ERES T\u00da, UNA MUJER TRABAJADORA, UNA MUJER IMPORTANTE, UNA MUJER DE FE QUE, ANTE EL DIOS DE LA VIDA, DEJA QUE EL ESP\u00cdRITU LA GU\u00cdE.<br \/>\nGRACIAS POR EXISTIR!!<\/p>\n\n<p>Desde el Equipo de Pastoral Vocacional les queremos hacer llegar nuestra felicitaci\u00f3n en este bonito d\u00eda. Deseamos que el Se\u00f1or siga guiando cada uno de nuestros pasos en la tarea de cada d\u00eda, nos ayude a acompa\u00f1ar a otros y, juntos, sigamos trabajando construyendo el futuro.<br \/>\nFELIZ D\u00cdA!!<\/p>\n\n\n<p class=\"wp-block-paragraph\">[\/vc_column_text][\/vc_column][\/vc_row][vc_row][vc_column][vc_column_text]<\/p>\n<p><a href=\"https:\/\/www.youtube.com\/watch?v=3jkYtikwS-g\" target=\"_blank\" rel=\"noopener\">VER VIDEO\u00a0<\/a><\/p>\n<p>[\/vc_column_text][\/vc_column][\/vc_row]<\/p>\n","protected":false},"excerpt":{"rendered":"<p>[vc_row][vc_column][vc_column_text]Querida MUJER; Madre, hermana, hija, religiosa, esposa\u2026 Hoy es 8 de marzo. Hoy es un gran d\u00eda porque celebramos tu&hellip;<\/p>\n","protected":false},"author":1,"featured_media":19827,"comment_status":"open","ping_status":"closed","sticky":false,"template":"","format":"standard","meta":{"give_campaign_id":0,"_exactmetrics_skip_tracking":false,"_exactmetrics_sitenote_active":false,"_exactmetrics_sitenote_note":"","_exactmetrics_sitenote_category":0,"footnotes":""},"categories":[75,129],"tags":[],"class_list":["post-19849","post","type-post","status-publish","format-standard","has-post-thumbnail","hentry","category-noticias","category-pastoral"],"brizy_media":[],"_links":{"self":[{"href":"https:\/\/hijasdesanjose.org\/en\/wp-json\/wp\/v2\/posts\/19849","targetHints":{"allow":["GET"]}}],"collection":[{"href":"https:\/\/hijasdesanjose.org\/en\/wp-json\/wp\/v2\/posts"}],"about":[{"href":"https:\/\/hijasdesanjose.org\/en\/wp-json\/wp\/v2\/types\/post"}],"author":[{"embeddable":true,"href":"https:\/\/hijasdesanjose.org\/en\/wp-json\/wp\/v2\/users\/1"}],"replies":[{"embeddable":true,"href":"https:\/\/hijasdesanjose.org\/en\/wp-json\/wp\/v2\/comments?post=19849"}],"version-history":[{"count":3,"href":"https:\/\/hijasdesanjose.org\/en\/wp-json\/wp\/v2\/posts\/19849\/revisions"}],"predecessor-version":[{"id":19853,"href":"https:\/\/hijasdesanjose.org\/en\/wp-json\/wp\/v2\/posts\/19849\/revisions\/19853"}],"wp:featuredmedia":[{"embeddable":true,"href":"https:\/\/hijasdesanjose.org\/en\/wp-json\/wp\/v2\/media\/19827"}],"wp:attachment":[{"href":"https:\/\/hijasdesanjose.org\/en\/wp-json\/wp\/v2\/media?parent=19849"}],"wp:term":[{"taxonomy":"category","embeddable":true,"href":"https:\/\/hijasdesanjose.org\/en\/wp-json\/wp\/v2\/categories?post=19849"},{"taxonomy":"post_tag","embeddable":true,"href":"https:\/\/hijasdesanjose.org\/en\/wp-json\/wp\/v2\/tags?post=19849"}],"curies":[{"name":"wp","href":"https:\/\/api.w.org\/{rel}","templated":true}]}}