{"id":4083,"date":"2017-10-30T14:36:29","date_gmt":"2017-10-30T14:36:29","guid":{"rendered":"http:\/\/www.domotrade.com\/hijasdesanjose\/?p=4083"},"modified":"2021-02-28T21:25:52","modified_gmt":"2021-02-28T21:25:52","slug":"todo-es-gracia-todo-es-don","status":"publish","type":"post","link":"https:\/\/hijasdesanjose.org\/en\/todo-es-gracia-todo-es-don\/","title":{"rendered":"Todo es gracia, todo es don"},"content":{"rendered":"<p>[vc_row][vc_column][vc_column_text]<\/p>\r\n<p class=\"has-text-color has-very-dark-gray-color wp-block-paragraph\">Desde Hoyo de Manzanares, lugar conocido y querido por todas, quisimos enviaros un saludo y comunicaros algo de nuestra estancia all\u00ed, pero se nos ech\u00f3 el tiempo encima y la falta de alg\u00fan medio fue la causa de no hacerlo. Pasamos unos d\u00edas estupendos, buen tiempo, buena convivencia, buena comida, buenos ponen-tes. Todo es don y gracia del Se\u00f1or.<\/p>\r\n\r\n\r\n\r\n<p class=\"has-text-color has-very-dark-gray-color wp-block-paragraph\">Las que hab\u00e9is hecho el Curso de Espiritualidad ya lo sab\u00e9is, a las que todav\u00eda no os ha tocado\u2026 os decimos que no os lo perd\u00e1is, es una oportunidad \u00fanica, buena para el cuerpo y mejor para el esp\u00edritu. Trabajamos, s\u00ed, pero bien organizadas y coordinadas por lo cual tenemos tiempo para rezar, disfrutar, trabajar y descansar.<\/p>\r\n\r\n\r\n\r\n<p class=\"has-text-color has-very-dark-gray-color wp-block-paragraph\">Llegamos el d\u00eda 13 de septiembre, por la tarde, a Hoyo de Manzanares. Despu\u00e9s de situarnos en la casa, pasamos a centrarnos en el Curso, desde una din\u00e1mica en la que se nos preguntaba \u00bfC\u00f3mo estoy y qu\u00e9 traigo? El d\u00eda 14, tuvimos retiro con el tema &#8220;Acompa\u00f1amiento de Jes\u00fas a Tom\u00e1s y a cada una de noso-tras en el camino de la fe&#8221; desde textos del Evangelio de Juan. Reflexionamos, rezamos y com-partimos, sacando en consecuencia que el encuentro con Jes\u00fas es el que da sentido a nuestra vida y nos la confirma, y que solo se llega a la Pascua por el camino de la cruz.<\/p>\r\n\r\n\r\n\r\n<p class=\"has-text-color has-very-dark-gray-color wp-block-paragraph\">Despu\u00e9s, dedicamos un tiempo a mirar esta etapa de la vida en la que nos encontramos desde los libros Sapienciales (Salmos, Job, Eclesiast\u00e9s y Sabidur\u00eda fundamentalmente). La ponente de este tema fue Marta Garc\u00eda, Religiosa de la Consolaci\u00f3n, profesora de la Universidad de Comillas, que con sencillez y hondura nos explic\u00f3 que estos libros tratan de la madurez de la vida, nos ayudan a convivir, si forzar el paso, llev\u00e1ndonos a la conclusi\u00f3n de que en el libro de los Salmos est\u00e1 recogidos todos los sentimientos de los hombres. Terminado este primer tema, Hna. M\u00aa \u00c1ngeles Pinto nos present\u00f3 con m\u00e1s de talle que en la carta de convocatoria los objetivos del Curso.<\/p>\r\n\r\n\r\n\r\n<p class=\"has-text-color has-very-dark-gray-color wp-block-paragraph\">Seguidamente, estudiamos y reflexionamos con ella la vida de Santa Bonifacia Rodr\u00edguez de Castro, SSJ, primera josefina. As\u00ed que nos preparamos bien para ir en peregrinaci\u00f3n a Sala-manca el d\u00eda 20, don-de disfrutamos todo el d\u00eda con nuestras hermanas las SSJ, que nos colmaron de atenciones y detalles en las dos comunidades, (la que se encarga de la casa de Espiritualidad y la del Colegio). Todo esto fue motivo para ahondar en nuestras ra\u00edces. En torno a esta peregrinaci\u00f3n, hemos le\u00eddo y reflexionado la correspondencia del P. Buti\u00f1\u00e1 con M. Bonifacia.<\/p>\r\n\r\n\r\n\r\n<p class=\"has-text-color has-very-dark-gray-color wp-block-paragraph\">Adem\u00e1s, en Hoyo de Manzanares, tuvimos a Adri\u00e1n L\u00f3pez SJ, un gran experto en acompa\u00f1amiento a religiosos\/as, que nos fue desarrollando las claves de conocimiento personal y antropolog\u00eda de la vocaci\u00f3n. Es imposible contar toda la riqueza que nos aport\u00f3, tanto para conocernos a nivel personal como para vivir en comunidad. Nos insisti\u00f3 que el tema de la juventud tiene que ver m\u00e1s con el coraz\u00f3n que con la edad. Nos fue llevando a releer nuestra propia historia personal en clave de Vida Religiosa y a encontrar a Dios dentro de nosotras.<\/p>\r\n\r\n\r\n\r\n<p class=\"has-text-color has-very-dark-gray-color wp-block-paragraph\">Tambi\u00e9n Pepa Torres, Apost\u00f3lica del Sagrado Coraz\u00f3n, nos dio el tema de Interculturalidad. La abord\u00f3 desde c\u00f3mo dar puntadas para la construcci\u00f3n del tejido com\u00fan desde lo diferente, hasta llegar a la belleza de la trama. Jes\u00fas nos da siempre su mano para que hagamos esos procesos de encuentro ante lo distinto. Lo humano no es el no querer cambios, sino estar dispuestas al cambio. La vida nace de la diferencia. Cuanto m\u00e1s color tiene la trama m\u00e1s bonito es el tejido.<\/p>\r\n\r\n\r\n\r\n<p class=\"has-text-color has-very-dark-gray-color wp-block-paragraph\">El d\u00eda 29 de septiembre llegaron a Hoyo de Manzanares las hermanas Clara lagos y Nelly Z\u00e1cipa, que por diferentes circunstancias no lo pudieron hacer antes. Las esper\u00e1bamos con mucha alegr\u00eda y en la escalinata de la puerta grande las recibimos con pancartas y globos d\u00e1ndoles la bienvenida. \u00a1Se lo merec\u00edan!<\/p>\r\n\r\n\r\n\r\n<p class=\"has-text-color has-very-dark-gray-color wp-block-paragraph\">El d\u00eda 30 llegamos a Gero-na. Del 1 al 9 de octubre hicimos EE con el P. Juan Jos\u00e9 Mart\u00ednez SJ, \u00a1Estupendo! Desde el primer d\u00eda nos meti\u00f3 bien en la din\u00e1mica de los EE. El amor de Dios que es el Principio y Fundamente se manifiesta en toda la creaci\u00f3n, en la Encarnaci\u00f3n, en la Redenci\u00f3n, en la donaci\u00f3n de su Esp\u00edritu, en la Iglesia\u2026 En definitiva, si todo est\u00e1 envuelto por el amor y la ternura de Dios, todo est\u00e1 lleno de su presencia.<\/p>\r\n\r\n\r\n\r\n<p class=\"has-text-color has-very-dark-gray-color wp-block-paragraph\">El amor de Dios y a su plan amoroso hacia cada una de nosotras es el filtro y tamiz que depura todas nuestras decisiones y elecciones; estas no nos van a reprimir ni a frustrar, sino que nos van a generar paz, alegr\u00eda y libre generosidad, porque &#8220;Solamente deseando y eligiendo lo que M\u00c1S nos conduce para el fin que somos creados&#8221; produce gozo y alegr\u00eda. No elegimos nosotras solas, Dios elige con cada una de nosotras, de ah\u00ed la importancia de la oraci\u00f3n. Seguir la voluntad del Padre al estilo de Jes\u00fas, decidirse por el &#8220;magis&#8221; en clima orante, es dar en el clavo del proyecto de Dios sobre cada una de nosotras, es descubrir las huellas de Dios en nuestro camino, en su camino, con paso ligero y firme.<\/p>\r\n\r\n\r\n\r\n<p class=\"has-text-color has-very-dark-gray-color wp-block-paragraph\">Este fue el cord\u00f3n umbilical de todos los d\u00edas. El proceso de los EE acaba donde empez\u00f3: la vivencia personal del Proyecto Creador y Salvador de Dios sobre cada una de nosotras, que nos ha puesto en este mundo para amarle, servirle y reverenciarle en todo. Por eso, la contemplaci\u00f3n para alcanzar amor no es solo una manera de orar al final de los EE, sino un &#8220;estilo&#8221;, una manera de ser y de estar en el mundo. Hay que volver a la realidad cotidiana y entusiasmarse profunda-mente por la totalidad de nuestra vida como medio de encuentro con Dios que nos lanza a la Misi\u00f3n. Nuestra respuesta de reciprocidad ser\u00e1 la entrega total para &#8221; en todo amar y servir&#8221; a Dios en nuestros hermanos. Es as\u00ed como alcanzamos el amor, nos ponemos en camino para comunicar-lo con obras y palabras.<\/p>\r\n\r\n\r\n\r\n<p class=\"has-text-color has-very-dark-gray-color wp-block-paragraph\">El d\u00eda 10 fuimos a Ba\u00f1olas. A la entrada de la casa nos esperaba el P. Buti\u00f1a, con \u00e9l fuimos pasando por todas las estancias de la misma de una forma muy especial, como si presente se hallase, rezando y saboreando cada lugar y rinc\u00f3n, haciendo memoria agradecida de tanta vida que nos aporta el acercarnos a nuestras ra\u00edces hist\u00f3ricas. Despu\u00e9s, cada una, dedicamos un tiempo a la oraci\u00f3n personal, en el lugar que m\u00e1s devoci\u00f3n le daba. Las hermanas nos acogieron con inmenso cari\u00f1o y muchos detalles. \u00a1Est\u00e1bamos en la casa del Padre! \u00a1Est\u00e1bamos en nuestra casa! Nos obsequiaron con una rica comida y, como siempre, no falt\u00f3 el paseo al Lago y a la ermita de Ntra. Sra. de Porqueras.<\/p>\r\n\r\n\r\n\r\n<p class=\"has-text-color has-very-dark-gray-color wp-block-paragraph\">Estos d\u00edas, estamos profundizando en documentos de la Congregaci\u00f3n. Nos est\u00e1n enriqueciendo mucho y acerc\u00e1ndonos a los or\u00edgenes y vida de la Congregaci\u00f3n. Tambi\u00e9n hemos trabajado y profundizado el tema de la Comunidad desde la carta a los Filipenses. La hondura de esta carta nos llev\u00f3 a la contemplaci\u00f3n, al silencio y dejarnos configurar por Cristo. Leer la carta a los Filipenses es creer en la alegr\u00eda de la fe.<\/p>\r\n\r\n\r\n\r\n<p class=\"has-text-color has-very-dark-gray-color wp-block-paragraph\">Ya nos queda menos, aunque todav\u00eda esperamos a tres ponentes: Hna. M\u00aa Pilar Marqu\u00ednez que nos hablar\u00e1 de la Misi\u00f3n en el P. Buti\u00f1\u00e1, Hna. M\u00aa Sagrario Go\u00f1i M\u00edstica del Taller y Dori Pecharrom\u00e1n, laica, que nos impartir\u00e1 c\u00f3mo asumir creativamente esta nueva etapa de la vida y recursos para afrontarla.<\/p>\r\n\r\n\r\n\r\n<p class=\"has-text-color has-very-dark-gray-color wp-block-paragraph\">Como corre tan deprisa el tiempo, pronto estamos en casa con vosotras, no sin antes agradecer a estas hermanas de Gerona la excelente acogida que nos hacen y tantas atenciones, servicios y detalles que tienen con nosotras. \u00a1Gracias hermanas!<\/p>\r\n\r\n\r\n\r\n<p class=\"has-text-color has-very-dark-gray-color wp-block-paragraph\">Por tantas cosas que nos regala la vida, gracias, Se\u00f1or. Hoy contemplamos con gratitud y amor la generosidad de un Dios presente en nuestra historia. Por este momento, \u00a1gracias, Se\u00f1or. Gracias a la Congregaci\u00f3n que nos ha proporcionado este tiempo de tanta gracia y gracias a Hna. M\u00aa \u00c1ngeles Pinto que nos ha acompa\u00f1ado en este Curso. \u00a1Todo ha sido don y gracia! Cuando lleguemos a casa os contaremos con m\u00e1s detalle la experiencia que hemos vivido. Encomendadnos mucho al Se\u00f1or, nosotras tambi\u00e9n los hacemos por vosotras.<\/p>\r\n\r\n\r\n\r\n<p class=\"has-text-color has-very-dark-gray-color wp-block-paragraph\" style=\"text-align: right;\"><em>Las hermanas del Curso de Espiritualidad 2017<\/em><\/p>\r\n<p>[\/vc_column_text][\/vc_column][\/vc_row]<\/p>","protected":false},"excerpt":{"rendered":"<p>[vc_row][vc_column][vc_column_text] Desde Hoyo de Manzanares, lugar conocido y querido por todas, quisimos enviaros un saludo y comunicaros algo de nuestra&hellip;<\/p>\n","protected":false},"author":1,"featured_media":4084,"comment_status":"closed","ping_status":"closed","sticky":false,"template":"","format":"aside","meta":{"give_campaign_id":0,"_exactmetrics_skip_tracking":false,"_exactmetrics_sitenote_active":false,"_exactmetrics_sitenote_note":"","_exactmetrics_sitenote_category":0,"footnotes":""},"categories":[75],"tags":[190],"class_list":["post-4083","post","type-post","status-publish","format-aside","has-post-thumbnail","hentry","category-noticias","tag-testimonio","post_format-post-format-aside"],"brizy_media":[],"_links":{"self":[{"href":"https:\/\/hijasdesanjose.org\/en\/wp-json\/wp\/v2\/posts\/4083","targetHints":{"allow":["GET"]}}],"collection":[{"href":"https:\/\/hijasdesanjose.org\/en\/wp-json\/wp\/v2\/posts"}],"about":[{"href":"https:\/\/hijasdesanjose.org\/en\/wp-json\/wp\/v2\/types\/post"}],"author":[{"embeddable":true,"href":"https:\/\/hijasdesanjose.org\/en\/wp-json\/wp\/v2\/users\/1"}],"replies":[{"embeddable":true,"href":"https:\/\/hijasdesanjose.org\/en\/wp-json\/wp\/v2\/comments?post=4083"}],"version-history":[{"count":5,"href":"https:\/\/hijasdesanjose.org\/en\/wp-json\/wp\/v2\/posts\/4083\/revisions"}],"predecessor-version":[{"id":12444,"href":"https:\/\/hijasdesanjose.org\/en\/wp-json\/wp\/v2\/posts\/4083\/revisions\/12444"}],"wp:featuredmedia":[{"embeddable":true,"href":"https:\/\/hijasdesanjose.org\/en\/wp-json\/wp\/v2\/media\/4084"}],"wp:attachment":[{"href":"https:\/\/hijasdesanjose.org\/en\/wp-json\/wp\/v2\/media?parent=4083"}],"wp:term":[{"taxonomy":"category","embeddable":true,"href":"https:\/\/hijasdesanjose.org\/en\/wp-json\/wp\/v2\/categories?post=4083"},{"taxonomy":"post_tag","embeddable":true,"href":"https:\/\/hijasdesanjose.org\/en\/wp-json\/wp\/v2\/tags?post=4083"}],"curies":[{"name":"wp","href":"https:\/\/api.w.org\/{rel}","templated":true}]}}