{"id":4113,"date":"2015-09-04T16:54:33","date_gmt":"2015-09-04T16:54:33","guid":{"rendered":"http:\/\/www.domotrade.com\/hijasdesanjose\/?p=4113"},"modified":"2021-02-28T21:27:03","modified_gmt":"2021-02-28T21:27:03","slug":"manos-quemadas","status":"publish","type":"post","link":"https:\/\/hijasdesanjose.org\/en\/manos-quemadas\/","title":{"rendered":"Manos quemadas"},"content":{"rendered":"<p>[vc_row][vc_column][vc_column_text]<\/p>\n<p class=\"has-text-color has-very-dark-gray-color wp-block-paragraph\">La fotograf\u00eda de aquellas manos era impresionante. Manos quemadas.<\/p>\n\n\n<p class=\"has-text-color has-very-dark-gray-color wp-block-paragraph\">Todos los dedos estaban quemados por la parte de arriba, en aquel tramo de piel de donde se toman las huellas dactilares que se usan para identificar las personas. No era un accidente, no era una tortura, sino que era una terrible estrategia para que la polic\u00eda no pudiera identificar a aquellos emigrantes que intentaban pasar por el t\u00fanel de Calais hacia el Reino Unido. Ellos mismos con un hierro al rojo vivo hab\u00edan desfigurado las suyas. Seguramente, pensaban que era mejor intentar vivir en el Reino Unido con una parte de las manos deshechas, que en Siria con las manos normales.<\/p>\n\n\n<p class=\"has-text-color has-very-dark-gray-color wp-block-paragraph\">Intenta por unos breves momentos identificarte con una de aquellas personas que han eliminado con fuego las se\u00f1ales de identidad. Dejando de lado el terrible dolor f\u00edsico, preg\u00fantate c\u00f3mo se puede sentir interiormente un ser humano . \u00bfQu\u00e9 sentimientos, qu\u00e9 angustias, miedos e incertidumbres? \u00bfQu\u00e9 debe de pensar sobre esta &#8220;tierra prometida&#8221;, sobre la gente que la habita, los hombres y las mujeres, los ni\u00f1os, la polic\u00eda y los trabajadores de los camiones?<\/p>\n\n\n<p class=\"has-text-color has-very-dark-gray-color wp-block-paragraph\">Seguramente en su memoria est\u00e1 el recuerdo de su ni\u00f1ez en un barrio o en un pueblo de Siria o de Libia. Los padres, los hermanos, las celebraciones religiosas y populares, la escuela\u2026 hasta que llegaron las bombas, los ca\u00f1onazos, los pelotones de soldados y huyeron sin destino. Hoy, juntos, ma\u00f1ana cada cual donde pueda. Hambre, miseria, explotaci\u00f3n, la traves\u00eda en el mar, etc. Y ahora aqu\u00ed, en tierra, esperando una oportunidad, sin papeles, con los interrogantes m\u00e1s oscuros sobre sus seres queridos, seguramente muchos de ellos muertos por la guerra, las fugas, las mafias\u2026<br \/>\nPong\u00e1monos en su lugar e intentemos comprender con sentimientos profundos qu\u00e9 personas son estas y qu\u00e9 han hecho para ser maltratadas de esta manera. No, no giremos ahora la cara, para volver a nuestras rutinas. Al contrario, miremos atentamente a nuestro coraz\u00f3n, a la dignidad de los hijos e hijas de Dios, y hag\u00e1monos la pregunta: Y yo \u00bfqu\u00e9 puedo hacer por ellos? Y yo \u00bfqu\u00e9 puedo hacer para cambiar esta sociedad, este mundo tan cruel y terrorista?<\/p>\n\n\n<p class=\"has-text-color has-very-dark-gray-color wp-block-paragraph\">Por favor, no te digas que no puedes hacer nada. \u00bfTan condicionado est\u00e1s por dentro y por fuera que no puedes hacer nada? Es falso, y perdona que te lo diga, que no puedes hacer nada. Puedes liberarte interior y exteriormente, puedes buscar relaciones que sientan la urgencia del momento hist\u00f3rico, puedes pagar un diezmo, un impuesto personal y voluntario (que no una limosna, porque el dinero que te sobran no es tuyo) a favor de la gente que lucha por la justicia y la paz, puedes no volver la espalda, participar, rogar, escribir, hablar, leer, protestar, relacionarte\u2026 Muchas peque\u00f1as aportaciones de vida y de esfuerzo, cuando se juntan, hacen una fuerza notable.<\/p>\n\n\n<p class=\"has-text-color has-very-dark-gray-color wp-block-paragraph\">Por Dios, s\u00ed que puedes. Recuerda a la viejecita que Jes\u00fas observ\u00f3 en el templo. Ella dio m\u00e1s con su peque\u00f1a moneda que los ricos y opulentos, cre\u00eddos y protagonistas, con los dineros que les sobraban.<\/p>\n\n\n<p class=\"wp-block-paragraph\" style=\"text-align:right\">\n<em>Jes\u00fas Renau sj<\/em><\/p>\n<p>[\/vc_column_text][\/vc_column][\/vc_row]<\/p>\n","protected":false},"excerpt":{"rendered":"<p>[vc_row][vc_column][vc_column_text] La fotograf\u00eda de aquellas manos era impresionante. Manos quemadas. Todos los dedos estaban quemados por la parte de arriba,&hellip;<\/p>\n","protected":false},"author":1,"featured_media":4114,"comment_status":"closed","ping_status":"closed","sticky":false,"template":"","format":"standard","meta":{"give_campaign_id":0,"_exactmetrics_skip_tracking":false,"_exactmetrics_sitenote_active":false,"_exactmetrics_sitenote_note":"","_exactmetrics_sitenote_category":0,"footnotes":""},"categories":[75],"tags":[185],"class_list":["post-4113","post","type-post","status-publish","format-standard","has-post-thumbnail","hentry","category-noticias","tag-mujer"],"brizy_media":[],"_links":{"self":[{"href":"https:\/\/hijasdesanjose.org\/en\/wp-json\/wp\/v2\/posts\/4113","targetHints":{"allow":["GET"]}}],"collection":[{"href":"https:\/\/hijasdesanjose.org\/en\/wp-json\/wp\/v2\/posts"}],"about":[{"href":"https:\/\/hijasdesanjose.org\/en\/wp-json\/wp\/v2\/types\/post"}],"author":[{"embeddable":true,"href":"https:\/\/hijasdesanjose.org\/en\/wp-json\/wp\/v2\/users\/1"}],"replies":[{"embeddable":true,"href":"https:\/\/hijasdesanjose.org\/en\/wp-json\/wp\/v2\/comments?post=4113"}],"version-history":[{"count":10,"href":"https:\/\/hijasdesanjose.org\/en\/wp-json\/wp\/v2\/posts\/4113\/revisions"}],"predecessor-version":[{"id":12432,"href":"https:\/\/hijasdesanjose.org\/en\/wp-json\/wp\/v2\/posts\/4113\/revisions\/12432"}],"wp:featuredmedia":[{"embeddable":true,"href":"https:\/\/hijasdesanjose.org\/en\/wp-json\/wp\/v2\/media\/4114"}],"wp:attachment":[{"href":"https:\/\/hijasdesanjose.org\/en\/wp-json\/wp\/v2\/media?parent=4113"}],"wp:term":[{"taxonomy":"category","embeddable":true,"href":"https:\/\/hijasdesanjose.org\/en\/wp-json\/wp\/v2\/categories?post=4113"},{"taxonomy":"post_tag","embeddable":true,"href":"https:\/\/hijasdesanjose.org\/en\/wp-json\/wp\/v2\/tags?post=4113"}],"curies":[{"name":"wp","href":"https:\/\/api.w.org\/{rel}","templated":true}]}}