{"id":7227,"date":"2019-05-18T20:04:44","date_gmt":"2019-05-18T20:04:44","guid":{"rendered":"https:\/\/hijasdesanjose.org\/es\/?p=7227"},"modified":"2021-02-28T22:02:17","modified_gmt":"2021-02-28T22:02:17","slug":"mision-en-la-chinantla","status":"publish","type":"post","link":"https:\/\/hijasdesanjose.org\/en\/mision-en-la-chinantla\/","title":{"rendered":"Misi\u00f3n en la Chinantla"},"content":{"rendered":"<p>[vc_row][vc_column][vc_column_text]El s\u00e1bado, 13 de abril,\u00a0 un grupo de hermanas y laicos de la Familia Josefina, nos hicimos presente en la Comunidad de San Felipe Usila, Oaxaca. Nuestro deseo era vivir con esta y otras comunidades cercanas la Pascua de Jes\u00fas.<\/p>\n<p>Esta comunidad ind\u00edgena, conocido como capital de La Chinantla, pertenece a la regi\u00f3n de Tuxtepec. De cultura milenaria, su espacio \u00a0ha sido habitado\u00a0 por muchos misioneros, que han dejado una profunda huella en la vida de sus habitantes.\u00a0 Sin duda alguna,\u00a0 nuestras hermanas, la comunidad de Hijas de San Jos\u00e9 que habit\u00f3 all\u00e1, dejaron esa marca positiva y entra\u00f1able que, a pesar del tiempo, sigue viva en el coraz\u00f3n de la gente sencilla de un pueblo que sigue esperando a los misioneros como algo esencial de su fe, a\u00fan necesitada de la luz de la Buena Noticia de Jesucristo.<\/p>\n<p>Esta Semana Santa, Semana Mayor, como lo llaman los lugare\u00f1os, compartimos nuestra fe con seis comunidades de la llamada zona baja de Usila: Piedra de Az\u00facar, Congregaci\u00f3n, Arroyo Tigre, Emiliano Zapata, L\u00e1zaro C\u00e1rdenas y Santa Flora. Durante nueve d\u00edas hemos vivido, con gran intensidad, el misterio de la Pasi\u00f3n, Muerte y Resurrecci\u00f3n de Cristo, aportando y recibiendo de ellos la vivencia de este tiempo santo en una cultura que tiene mucho que dar y recibir.<\/p>\n<p>Algunas personas del equipo misionero comparten la resonancia de las experiencias vividas en estos lugares sagrados.<\/p>\n<p style=\"text-align: right;\">Hna. Teresa Vel\u00e1zquez fsj<\/p>\n<p><em>Sin duda alguna regres\u00e9 a mi tierra siendo otra persona. Esta que es mi segunda experiencia en misiones me fortaleci\u00f3 en varios aspectos. Conoc\u00ed y experiment\u00e9 muchas situaciones que no sab\u00eda que pod\u00eda con ellas. Ahora me doy cuenta de que vivo en un mundo donde me encerraba en lo que conoc\u00eda.<\/em><\/p>\n<p><em>Desde el d\u00eda que sal\u00ed de casa, me fui con la mentalidad de esperar y aprender de todo lo que se pusiera \u00a0frente a m\u00ed. Por fortuna, Dios me puso en el camino varios retos que pude cumplir. Al inicio fue dif\u00edcil, sin embargo, no era imposible de lograr. Y ahora que ya estoy en casa valoro lo que tengo. Aprend\u00ed que ser humilde no significa ser pobre, sino todo lo contrario. Por otro lado, la naturaleza se convirti\u00f3 en mi mejor amiga y no hay regalo m\u00e1s hermoso que disfrutar lo que ella nos entrega. <\/em><\/p>\n<p><em>Dios tiene mucho cuidado de elegir a las personas que pone en nuestro camino. Estoy totalmente convencida de que cada una de ellas tuvo su parte en esta experiencia y me ayud\u00f3 a convertirme en lo que ahora soy. \u00a1Estoy tan agradecida a mi Dios, que me permite aprender y compartir con otras personas lo poco que soy! Espero dejar huella y, cuando regrese, volver a remarcarla. <\/em><\/p>\n<p style=\"text-align: right;\">Kalif Cobi\u00e1n, Guadalajara &#8211; Jalisco<\/p>\n<p><em>\u00a1Hola Familia Josefina!!! Les \u00a0comparto un poquito mi experiencia en estas Misiones de Semana Santa.<\/em><\/p>\n<p><em>En esta ocasi\u00f3n, servimos en una de las comunidades llamada Santa Flora. Nuestra actividad principal fue la escucha,\u00a0 la integraci\u00f3n, acoger alegr\u00edas y dolores de la gente y, desde ese \u201cestar\u201d, buscamos afianzar la fraternidad\u00a0 con los hermanos, en especial con los m\u00e1s fr\u00e1giles y abandonados.<\/em><\/p>\n<p><em>Se ve la necesidad de continuar la evangelizaci\u00f3n en equipo, que juntos,\u00a0 el sacerdote y los misioneros que asistan cada a\u00f1o puedan dar continuidad a lo sembrado. La intenci\u00f3n no es imponernos, sino dar a conocer a Dios y crear conciencia de lo sagrado.<\/em><\/p>\n<p><em>Doy gracias a Dios por todo lo vivido. Tambi\u00e9n agradezco a las Hijas de San Jos\u00e9 y a los integrantes de la Familia Josefina con quienes colaboramos en Misi\u00f3n Compartida, trabajando con amor para un mundo mejor.<\/em><\/p>\n<p style=\"text-align: right;\">Ra\u00fal Emmanuel Ramos Campos, Guadalajara- Jalisco<\/p>\n<p><em>Les comparto mi experiencia de misi\u00f3n en la comunidad de Santa Flora de San Felipe Usila. Esta Pascua\u00a0 fue para m\u00ed de mucho aprendizaje. El Se\u00f1or ten\u00eda preparadas grandes ense\u00f1anzas para m\u00ed y mi familia. Viviendo nuevas experiencias, interactuado con los hermanos de la comunidad, \u00a0acompa\u00f1\u00e1ndolos a vivir la Semana santa, visitando sus hogares, compartiendo costumbres diferentes, visitando a los enfermos, llev\u00e1ndoles la eucarist\u00eda y compartiendo la Palabra de Dios, aprendiendo a ver la mano de Dios en la bondad de la gente, en la naturaleza\u00a0 y en la vida cotidiana de nuestros hermanos\u2026 Por todo ello, doy gracias a Dios, a las hermanas Hijas de san Jos\u00e9 y al padre Marcelino, por haberme invitado a tan hermosa misi\u00f3n. Todo sirvi\u00f3 para darme m\u00e1s fuerza, fe y esperanza, para continuar este camino \u00fanico y llegar a Cristo, nuestro Se\u00f1or. <\/em><\/p>\n<p style=\"text-align: right;\">Luz Marina Uscanga Luna, Tuxtepec<\/p>\n<p><strong><em>Pascua juvenil\u00a0<\/em><\/strong><em><br \/>\n<\/em><\/p>\n<p>El s\u00e1bado santo, 20 de abril, nos dimos cita en la comunidad de Arroyo Tigre las seis comunidades que hab\u00edan participado en la misi\u00f3n, encontr\u00e1ndonos con los j\u00f3venes y adolescentes de cada una de ellas.<\/p>\n<p>La participaci\u00f3n fue muy buena, congreg\u00e1ndonos alrededor de 110 j\u00f3venes. La cita fue a las 10 de la ma\u00f1ana. Cada grupo llegaba con su pancarta, dedicando un mensaje para todos. Por mencionar algunos: \u201cCaminando juntos en comuni\u00f3n\u201d, \u201cEl Se\u00f1or es mi pastor nada me falta\u201d\u2026 Dimos inicio a la jornada con la oraci\u00f3n ante el Sant\u00edsimo, muy participada con las consignas de cada grupo tra\u00eda. Despu\u00e9s pasamos a la presentaci\u00f3n de los grupos procedentes de las distintas comunidades, \u00a0haci\u00e9ndolo con cantos, con\u00a0 una \u201cporra\u201d\u2026 Seguidamente tuvimos varias din\u00e1micas grupales y tiempo de convivencia. Tambi\u00e9n se organizaron juegos deportivos. Hubo muy buena participaci\u00f3n.<\/p>\n<p>Dedicamos tambi\u00e9n un tiempo a presentar el equipo completo de misioneros que estos d\u00edas hab\u00edamos recorrido las distintas comunidades. Para ello, nos reunimos de nuevo en la capilla.<\/p>\n<p>La comunidad de Arroyo Tigre ofreci\u00f3 alimentos para todos. Fue una gran experiencia de Resurrecci\u00f3n Pascual, de esperanza, alegr\u00eda, novedad\u2026 Fue un fuerte testimonio de fe manifestado en una gran diversidad de formas.<\/p>\n<p>Es importante mencionar que el Padre Marcelino Sala S\u00e1nchez, p\u00e1rroco de la comunidad de San Felipe Usila, se hizo presente en el encuentro, reconociendo y apoyando nuestra presencia entre los j\u00f3venes.<\/p>\n<p>Fue el culmen de una rica experiencia compartida, animando la vida de esas comunidades, tan alejadas de la sociedad, en un ambiente natural en todo su entorno. Para encontrarnos, tuvimos que caminar por brechas y atravesar r\u00edos en lancha, acompa\u00f1ados por los catequistas de cada comunidad. De verdad que anticipamos la Pascua de Resurrecci\u00f3n, con el \u00e1nimo y la actitud tan positiva de los j\u00f3venes, con vivos deseos de convivir y seguir comprometi\u00e9ndose con su comunidad.<\/p>\n<p>Los j\u00f3venes se quedaron motivados para \u00a0encontrarse de nuevo en Pentecost\u00e9s y as\u00ed ir convocando a quienes quieran participar en un encuentro vocacional, que el Padre Marcelino est\u00e1 dispuesto a seguir apoyando. Tenemos la esperanza de que, a pesar de ser una cultura muy arraigada en sus usos y costumbres, con su propia lengua originaria, lo que hace que se dificulte un poco la \u00a0comunicaci\u00f3n y sea necesaria la traducci\u00f3n del chinanteco al espa\u00f1ol y viceversa, podamos ir creando espacios para promover la cultura vocacional. Los j\u00f3venes manifiestan gran \u00e1nimo ante lo nuevo, lo que les aporta alguna ense\u00f1anza.<\/p>\n<p>Gracias a las semillas del Verbo y la Congregaci\u00f3n por haber sembrado las semillas\u00a0 de la fe por esos lugares y permitirnos seguir acompa\u00f1ando a los m\u00e1s apartados de la sociedad.<\/p>\n<p style=\"text-align: right;\">Sara Gonz\u00e1lez Ramos hsj<\/p>\n\n\n<p>\n            \n[\/vc_column_text][\/vc_column][\/vc_row]<\/p>\n","protected":false},"excerpt":{"rendered":"<p>[vc_row][vc_column][vc_column_text]El s\u00e1bado, 13 de abril,\u00a0 un grupo de hermanas y laicos de la Familia Josefina, nos hicimos presente en la&hellip;<\/p>\n","protected":false},"author":1,"featured_media":7228,"comment_status":"open","ping_status":"open","sticky":false,"template":"","format":"standard","meta":{"give_campaign_id":0,"_exactmetrics_skip_tracking":false,"_exactmetrics_sitenote_active":false,"_exactmetrics_sitenote_note":"","_exactmetrics_sitenote_category":0,"footnotes":""},"categories":[75,129],"tags":[175],"class_list":["post-7227","post","type-post","status-publish","format-standard","has-post-thumbnail","hentry","category-noticias","category-pastoral","tag-mision"],"brizy_media":[],"_links":{"self":[{"href":"https:\/\/hijasdesanjose.org\/en\/wp-json\/wp\/v2\/posts\/7227","targetHints":{"allow":["GET"]}}],"collection":[{"href":"https:\/\/hijasdesanjose.org\/en\/wp-json\/wp\/v2\/posts"}],"about":[{"href":"https:\/\/hijasdesanjose.org\/en\/wp-json\/wp\/v2\/types\/post"}],"author":[{"embeddable":true,"href":"https:\/\/hijasdesanjose.org\/en\/wp-json\/wp\/v2\/users\/1"}],"replies":[{"embeddable":true,"href":"https:\/\/hijasdesanjose.org\/en\/wp-json\/wp\/v2\/comments?post=7227"}],"version-history":[{"count":4,"href":"https:\/\/hijasdesanjose.org\/en\/wp-json\/wp\/v2\/posts\/7227\/revisions"}],"predecessor-version":[{"id":12425,"href":"https:\/\/hijasdesanjose.org\/en\/wp-json\/wp\/v2\/posts\/7227\/revisions\/12425"}],"wp:featuredmedia":[{"embeddable":true,"href":"https:\/\/hijasdesanjose.org\/en\/wp-json\/wp\/v2\/media\/7228"}],"wp:attachment":[{"href":"https:\/\/hijasdesanjose.org\/en\/wp-json\/wp\/v2\/media?parent=7227"}],"wp:term":[{"taxonomy":"category","embeddable":true,"href":"https:\/\/hijasdesanjose.org\/en\/wp-json\/wp\/v2\/categories?post=7227"},{"taxonomy":"post_tag","embeddable":true,"href":"https:\/\/hijasdesanjose.org\/en\/wp-json\/wp\/v2\/tags?post=7227"}],"curies":[{"name":"wp","href":"https:\/\/api.w.org\/{rel}","templated":true}]}}