{"id":7309,"date":"2019-05-22T16:49:10","date_gmt":"2019-05-22T16:49:10","guid":{"rendered":"https:\/\/hijasdesanjose.org\/es\/?p=7309"},"modified":"2020-09-05T17:02:13","modified_gmt":"2020-09-05T17:02:13","slug":"agradecer-25-anos-de-camino","status":"publish","type":"post","link":"https:\/\/hijasdesanjose.org\/en\/agradecer-25-anos-de-camino\/","title":{"rendered":"Desde Jerez y Sanl\u00facar"},"content":{"rendered":"<p>[vc_row][vc_column][vc_column_text]El pasado 5 de mayo, los Talleres de Sanl\u00facar y Jerez de la Frontera se reunieron en el colegio de Jerez para compartir un d\u00eda de retiro.<\/p>\n<p>El retiro, que fue orientado por Hna. Patri, se present\u00f3 en clave de agradecimiento por tanto bien recibido a lo largo de estos 25 a\u00f1os de Talleres. Precisamente los grupos de Jerez y Sanl\u00facar son de los m\u00e1s antiguos. Algunas personas se han incorporado m\u00e1s recientemente, pero otros cuentan en su haber con una larga y rica historia que contar y agradecer.<\/p>\n<p><em>La relaci\u00f3n con la Familia Josefina viene de muy antiguo, cuando hice las labores para Magisterio en la Plata. Pasados los a\u00f1os ten\u00edamos convivencias con ni\u00f1as de nuestros colegios. <\/em><\/p>\n<p><em>Para m\u00ed ha supuesto una gran alegr\u00eda y una ayuda muy grande el que el Se\u00f1or me ha haya llamado a formar parte de la Familia Josefina pro medio de los Talleres de Nazaret. <\/em><\/p>\n<p><em>Fue la Hna. Blanca la que invit\u00f3, cuando asist\u00eda a los talleres de labores. Tanto ella como todas las del grupo me acogieron con cari\u00f1o. Muchas celebramos el compromiso en el 2005. <\/em><\/p>\n<p><em>Me han ayudado mucho los encuentros con mi grupo,&nbsp; retiros, los Ejercicios en Gerona, las convivencias en Hoyo y en Alcal\u00e1 del Valle\u2026 Todo esto han sido medios fundamentalmente para crecer en amor a Jes\u00fas,&nbsp; sentirme Familia, aprender a vivir el carisma del P. Buti\u00f1\u00e1, su amor a la Familia de Nazaret,&nbsp; intentar vivir la Misi\u00f3n Compartida en lo cotidiano. <\/em><\/p>\n<p><em>Nuestro grupo es una familia. Estamos muy unidas. El grupo nos ayuda a crecer en la fe, a amar m\u00e1s a Jes\u00fas, a vivir en su presencia para poder ser sus testigos, gracias a los retiros y convivencias. <\/em><\/p>\n<p><em>Nos preocupamos por los problemas y dificultades de cada una y rezamos para que el Se\u00f1or nos ayude. <\/em><\/p>\n<p><em>Nos ha ayudado y nos ayuda la presencia de las Hermanas, de Hna. Blanca, Hna. Hortensia y, ahora, Hna. Elena. <\/em><\/p>\n<p><em>Queremos, como grupo de Talleres de Nazaret, vivir el carisma del P. Buti\u00f1\u00e1 cada d\u00eda m\u00e1s y hacer realidad la Misi\u00f3n Compartida en nuestra vida cotidiana. <\/em><\/p>\n<p style=\"text-align: center;\"><em>Trinidad, Jerez de la Frontera<\/em><\/p>\n<p><em>&nbsp;<\/em><\/p>\n<p><em>De este retiro, me han llamado la atenci\u00f3n tres palabras muy profundas en el camino de Nazaret. Dios es como un Pastor, que re\u00fane a sus ovejas; es como un Alfarero, que modela nuestra vida, como el alfarero da forma al barro; es como un M\u00e9dico, que cura nuestras heridas, que nos da fortaleza para saber vivir los caminos que se presentan. <\/em><\/p>\n<p><em>Siempre se saca mucho bien de estos encuentros, en especial, la experiencia de sentirnos unidos en cualquier punto. Gracias. <\/em><\/p>\n<p style=\"text-align: center;\"><em>Jerom\u00edn, Jerez de la Frontera <\/em><\/p>\n<p><em>&nbsp;<\/em><\/p>\n<p><em>Gracias a los Talleres por darme la oportunidad de estar siempre aprendiendo y caminando. Sin los Talleres me sentir\u00eda m\u00e1s vac\u00eda. Me siento privilegiada por pertenecer a los Talleres. Gracias a las Hermanas Josefinas y al P.Buti\u00f1\u00e1. Y principalmente, de todo coraz\u00f3n, gracias a Jes\u00fas de Nazaret. <\/em><\/p>\n<p style=\"text-align: center;\"><em>Pili, Jerez de la Frontera<\/em><\/p>\n<p><em>&nbsp;<\/em><\/p>\n<p><em>Cuando nos presentaron los Talleres de Nazaret yo sent\u00ed miedo: miedo a lo desconocido, a no poder cumplir lo que se nos propon\u00eda. Pero hoy doy gracias a Dios por haberme empujado a dar el paso de entrar en los Talleres. En Talleres me he formado y me sigo formando; he aprendido a vivir de Dios, \u00c9l es quien me da la fuerza, la alegr\u00eda, las ganas de vivir y vivir en paz conmigo misma, aceptando con fe y alegr\u00eda lo que la vida me depara. En sus manos pongo mis preocupaciones y eso me hace liberarme de tensiones. Por eso no tengo m\u00e1s que agradecer a la Congregaci\u00f3n y, sobre todo, a todas las Hermanas que hacen posible que los Talleres existan y sigan funcionando. <\/em><\/p>\n<p style=\"text-align: center;\"><em>Manoli, Jerez de la Frontera<\/em><\/p>\n<p><em>&nbsp;<\/em><\/p>\n<p><em>Al hacer memoria, al reflexionar sobre los inicios, record\u00e9 mis miedos y las muchas preguntas que me hac\u00eda: qu\u00e9 ser\u00eda este grupo de Talleres desconocido para m\u00ed, estar\u00eda preparada, podr\u00eda abrirme a adquirir conocimientos sobre el carisma o de formaci\u00f3n cristiana. Hoy reconozco que he madurado en tolerancia, paciencia, humildad, en participaci\u00f3n en el voluntariado, etc. Y todo esto lo adquir\u00ed en los Talleres de Nazaret, porque no solo hablar te enriquece, tambi\u00e9n escuchar te ense\u00f1a. Siempre he tenido una baja autoestima, inseguridad, miedo al rid\u00edculo\u2026 Recuerdo que, una vez, con Hna. Blanca trabajamos la autoestima y las cualidades que ten\u00edamos cada una. Puedo asegurar que todas nos quedamos sorprendidas de todo lo que cada una pensaba de la otra. A ra\u00edz de esto, tomamos m\u00e1s confianza y empezamos a afianzarnos como grupo. Hemos podido beber del carisma del P. Buti\u00f1\u00e1 y alimentarnos de la Palabra del Se\u00f1or Jes\u00fas. Por mi parte, me siento muy c\u00f3moda y muy llena de vida, gracias a su gente. <\/em><\/p>\n<p><em>Le pido a&nbsp; Dios que esta familia nunca se marchite, que viva por siempre entre nosotros y todos los que se sientan llamados. <\/em><\/p>\n<p style=\"text-align: center;\"><em>Mary Carmen, Jerez de la Frontera<\/em><\/p>\n<p><em>&nbsp;<\/em><\/p>\n<p><em>Mi recorrido en los Talleres de Nazaret, en relaci\u00f3n con el de otras personas, es un poco corto. Por lo menos, aqu\u00ed, en Sanl\u00facar, soy de las nuevas. Lo que me movi\u00f3 a integrarme en el Taller fue recuperar las huellas sobre mi caminar de ni\u00f1a por los grupos q ten\u00edamos: a\u00f1oranzas, inquietudes\u2026 Al comenzar sent\u00eda un poco con incertidumbre, pero un gran deseo de acercamiento a Jes\u00fas pues mi vida volv\u00eda a necesitar de \u00c9l. Aunque nunca he estado sola, ahora lo noto en mi d\u00eda a d\u00eda. Gracias a \u00c9l es m\u00e1s llevadero todo. Me da fuerza el estar en los Talleres. &nbsp;Me est\u00e1 ense\u00f1ando a aceptar nuestras realidades el ver en cada una de mis compa\u00f1eras esa inquietud que tienen, esa disposici\u00f3n a luchar contra todas las adversidades, pues son muchas, y ah\u00ed est\u00e1n, al pie del ca\u00f1\u00f3n, a pesar de sus a\u00f1os. Ellas siguen teniendo una actitud de &nbsp;b\u00fasqueda. Juntas queremos ser arcilla para dejarnos modelar en las manos de nuestro Alfarero.<\/em><\/p>\n<p style=\"text-align: center;\"><em>Pepi, Sanl\u00facar de Barrameda<\/em><\/p>\n\n<ul class=\"wp-block-gallery columns-3 is-cropped wp-block-gallery-1 is-layout-flex wp-block-gallery-is-layout-flex\">\n<li class=\"blocks-gallery-item\">\n<figure><img loading=\"lazy\" decoding=\"async\" width=\"768\" height=\"1024\" src=\"https:\/\/hijasdesanjose.org\/wp-content\/uploads\/2019\/05\/IMG-20190505-WA0005-2-768x1024.jpg\" alt=\"\" data-id=\"7326\" data-link=\"https:\/\/hijasdesanjose.org\/es\/agradecer-25-anos-de-camino\/img-20190505-wa0005-2\/\" class=\"wp-image-7326\" srcset=\"https:\/\/hijasdesanjose.org\/wp-content\/uploads\/2019\/05\/IMG-20190505-WA0005-2-768x1024.jpg 768w, https:\/\/hijasdesanjose.org\/wp-content\/uploads\/2019\/05\/IMG-20190505-WA0005-2-225x300.jpg 225w, https:\/\/hijasdesanjose.org\/wp-content\/uploads\/2019\/05\/IMG-20190505-WA0005-2.jpg 1200w\" sizes=\"auto, (max-width: 768px) 100vw, 768px\" \/><\/figure>\n<\/li>\n<li class=\"blocks-gallery-item\">\n<figure><img loading=\"lazy\" decoding=\"async\" width=\"1024\" height=\"768\" src=\"https:\/\/hijasdesanjose.org\/wp-content\/uploads\/2019\/05\/IMG-20190505-WA0007-2-1024x768.jpg\" alt=\"\" data-id=\"7328\" data-link=\"https:\/\/hijasdesanjose.org\/es\/agradecer-25-anos-de-camino\/img-20190505-wa0007-2\/\" class=\"wp-image-7328\" srcset=\"https:\/\/hijasdesanjose.org\/wp-content\/uploads\/2019\/05\/IMG-20190505-WA0007-2-1024x768.jpg 1024w, https:\/\/hijasdesanjose.org\/wp-content\/uploads\/2019\/05\/IMG-20190505-WA0007-2-300x225.jpg 300w, https:\/\/hijasdesanjose.org\/wp-content\/uploads\/2019\/05\/IMG-20190505-WA0007-2-768x576.jpg 768w, https:\/\/hijasdesanjose.org\/wp-content\/uploads\/2019\/05\/IMG-20190505-WA0007-2.jpg 1600w\" sizes=\"auto, (max-width: 1024px) 100vw, 1024px\" \/><\/figure>\n<\/li>\n<li class=\"blocks-gallery-item\">\n<figure><img loading=\"lazy\" decoding=\"async\" width=\"1024\" height=\"768\" src=\"https:\/\/hijasdesanjose.org\/wp-content\/uploads\/2019\/05\/WhatsApp-Image-2019-05-05-at-16.03.53-1-1024x768.jpeg\" alt=\"\" data-id=\"7330\" data-link=\"https:\/\/hijasdesanjose.org\/es\/agradecer-25-anos-de-camino\/whatsapp-image-2019-05-05-at-16-03-53-1\/\" class=\"wp-image-7330\" srcset=\"https:\/\/hijasdesanjose.org\/wp-content\/uploads\/2019\/05\/WhatsApp-Image-2019-05-05-at-16.03.53-1-1024x768.jpeg 1024w, https:\/\/hijasdesanjose.org\/wp-content\/uploads\/2019\/05\/WhatsApp-Image-2019-05-05-at-16.03.53-1-300x225.jpeg 300w, https:\/\/hijasdesanjose.org\/wp-content\/uploads\/2019\/05\/WhatsApp-Image-2019-05-05-at-16.03.53-1-768x576.jpeg 768w, https:\/\/hijasdesanjose.org\/wp-content\/uploads\/2019\/05\/WhatsApp-Image-2019-05-05-at-16.03.53-1.jpeg 1600w\" sizes=\"auto, (max-width: 1024px) 100vw, 1024px\" \/><\/figure>\n<\/li>\n<\/ul>\n<p>[\/vc_column_text][\/vc_column][\/vc_row]<\/p>\n","protected":false},"excerpt":{"rendered":"<p>[vc_row][vc_column][vc_column_text]El pasado 5 de mayo, los Talleres de Sanl\u00facar y Jerez de la Frontera se reunieron en el colegio de&hellip;<\/p>\n","protected":false},"author":1,"featured_media":7310,"comment_status":"open","ping_status":"open","sticky":false,"template":"","format":"standard","meta":{"give_campaign_id":0,"_exactmetrics_skip_tracking":false,"_exactmetrics_sitenote_active":false,"_exactmetrics_sitenote_note":"","_exactmetrics_sitenote_category":0,"footnotes":""},"categories":[140,75,129],"tags":[],"class_list":["post-7309","post","type-post","status-publish","format-standard","has-post-thumbnail","hentry","category-25-anos-talleres","category-noticias","category-pastoral"],"brizy_media":[],"_links":{"self":[{"href":"https:\/\/hijasdesanjose.org\/en\/wp-json\/wp\/v2\/posts\/7309","targetHints":{"allow":["GET"]}}],"collection":[{"href":"https:\/\/hijasdesanjose.org\/en\/wp-json\/wp\/v2\/posts"}],"about":[{"href":"https:\/\/hijasdesanjose.org\/en\/wp-json\/wp\/v2\/types\/post"}],"author":[{"embeddable":true,"href":"https:\/\/hijasdesanjose.org\/en\/wp-json\/wp\/v2\/users\/1"}],"replies":[{"embeddable":true,"href":"https:\/\/hijasdesanjose.org\/en\/wp-json\/wp\/v2\/comments?post=7309"}],"version-history":[{"count":5,"href":"https:\/\/hijasdesanjose.org\/en\/wp-json\/wp\/v2\/posts\/7309\/revisions"}],"predecessor-version":[{"id":12424,"href":"https:\/\/hijasdesanjose.org\/en\/wp-json\/wp\/v2\/posts\/7309\/revisions\/12424"}],"wp:featuredmedia":[{"embeddable":true,"href":"https:\/\/hijasdesanjose.org\/en\/wp-json\/wp\/v2\/media\/7310"}],"wp:attachment":[{"href":"https:\/\/hijasdesanjose.org\/en\/wp-json\/wp\/v2\/media?parent=7309"}],"wp:term":[{"taxonomy":"category","embeddable":true,"href":"https:\/\/hijasdesanjose.org\/en\/wp-json\/wp\/v2\/categories?post=7309"},{"taxonomy":"post_tag","embeddable":true,"href":"https:\/\/hijasdesanjose.org\/en\/wp-json\/wp\/v2\/tags?post=7309"}],"curies":[{"name":"wp","href":"https:\/\/api.w.org\/{rel}","templated":true}]}}